{"id":932,"date":"2024-05-17T01:23:22","date_gmt":"2024-05-16T23:23:22","guid":{"rendered":"https:\/\/www.idiomasatkinson.com\/sanfernando\/?p=932"},"modified":"2024-05-17T01:23:23","modified_gmt":"2024-05-16T23:23:23","slug":"cursos-intensivos-de-verano-b1-b2","status":"publish","type":"post","link":"https:\/\/www.idiomasatkinson.com\/sanfernando\/cursos-intensivos-de-verano-b1-b2\/","title":{"rendered":"Cursos intensivos de verano B1\/B2"},"content":{"rendered":"\n<p>Regresan los cl\u00e1sicos cursos intensivos de verano <img loading=\"lazy\" height=\"16\" width=\"16\" src=\"https:\/\/static.xx.fbcdn.net\/images\/emoji.php\/v9\/tee\/2\/16\/2600.png\" alt=\"\u2600\ufe0f\"> 51 horas de B1 y B2 del 3 al 26 de julio, en horario de ma\u00f1ana, con la posibilidad de presentarte al examen de Cambridge el d\u00eda 27. \u00a1PLAZAS LIMITADAS! \u00a1AP\u00daNTATE YA!<\/p>\n\n\n\n<p><\/p>\n\n\n\n<figure class=\"wp-block-image aligncenter size-full is-resized\"><img loading=\"lazy\" src=\"https:\/\/www.idiomasatkinson.com\/sanfernando\/wp-content\/uploads\/sites\/3\/2024\/05\/438102188_841453991334670_6638048816313277652_n.jpg\" alt=\"\" class=\"wp-image-933\" width=\"422\" height=\"597\" \/><\/figure>\n","protected":false},"excerpt":{"rendered":"<p>Regresan los cl\u00e1sicos cursos intensivos de verano 51 horas de B1 y B2 del 3 al 26 de julio, en horario de ma\u00f1ana, con la posibilidad de presentarte al examen de Cambridge el d\u00eda 27. \u00a1PLAZAS LIMITADAS! \u00a1AP\u00daNTATE YA!<\/p>\n","protected":false},"author":5,"featured_media":0,"comment_status":"open","ping_status":"open","sticky":false,"template":"","format":"standard","meta":{"_et_pb_use_builder":"off","_et_pb_old_content":"","_et_gb_content_width":"","_joinchat":[]},"categories":[1],"tags":[],"yoast_head":"<!-- This site is optimized with the Yoast SEO plugin v19.8 - https:\/\/yoast.com\/wordpress\/plugins\/seo\/ -->\n<title>Cursos intensivos de verano B1\/B2 - Academia John Atkinson<\/title>\n<meta name=\"robots\" content=\"index, follow, max-snippet:-1, max-image-preview:large, max-video-preview:-1\" \/>\n<link rel=\"canonical\" href=\"https:\/\/www.idiomasatkinson.com\/sanfernando\/cursos-intensivos-de-verano-b1-b2\/\" \/>\n<meta property=\"og:locale\" content=\"es_ES\" \/>\n<meta property=\"og:type\" content=\"article\" \/>\n<meta property=\"og:title\" content=\"Cursos intensivos de verano B1\/B2 - Academia John Atkinson\" \/>\n<meta property=\"og:description\" content=\"Regresan los cl\u00e1sicos cursos intensivos de verano 51 horas de B1 y B2 del 3 al 26 de julio, en horario de ma\u00f1ana, con la posibilidad de presentarte al examen de Cambridge el d\u00eda 27. \u00a1PLAZAS LIMITADAS! \u00a1AP\u00daNTATE YA!\" \/>\n<meta property=\"og:url\" content=\"https:\/\/www.idiomasatkinson.com\/sanfernando\/cursos-intensivos-de-verano-b1-b2\/\" \/>\n<meta property=\"og:site_name\" content=\"Academia John Atkinson\" \/>\n<meta property=\"article:published_time\" content=\"2024-05-16T23:23:22+00:00\" \/>\n<meta property=\"article:modified_time\" content=\"2024-05-16T23:23:23+00:00\" \/>\n<meta property=\"og:image\" content=\"https:\/\/static.xx.fbcdn.net\/images\/emoji.php\/v9\/tee\/2\/16\/2600.png\" \/>\n<meta name=\"author\" content=\"centralatkinson\" \/>\n<meta name=\"twitter:card\" content=\"summary_large_image\" \/>\n<meta name=\"twitter:label1\" content=\"Escrito por\" \/>\n\t<meta name=\"twitter:data1\" content=\"centralatkinson\" \/>\n\t<meta name=\"twitter:label2\" content=\"Tiempo de lectura\" \/>\n\t<meta name=\"twitter:data2\" content=\"1 minuto\" \/>\n<script type=\"application\/ld+json\" class=\"yoast-schema-graph\">{\"@context\":\"https:\/\/schema.org\",\"@graph\":[{\"@type\":\"WebPage\",\"@id\":\"https:\/\/www.idiomasatkinson.com\/sanfernando\/cursos-intensivos-de-verano-b1-b2\/\",\"url\":\"https:\/\/www.idiomasatkinson.com\/sanfernando\/cursos-intensivos-de-verano-b1-b2\/\",\"name\":\"Cursos intensivos de verano B1\/B2 - Academia John Atkinson\",\"isPartOf\":{\"@id\":\"https:\/\/www.idiomasatkinson.com\/sanfernando\/#website\"},\"datePublished\":\"2024-05-16T23:23:22+00:00\",\"dateModified\":\"2024-05-16T23:23:23+00:00\",\"author\":{\"@id\":\"https:\/\/www.idiomasatkinson.com\/sanfernando\/#\/schema\/person\/efb495fb2b52b11245c4c01226d61532\"},\"breadcrumb\":{\"@id\":\"https:\/\/www.idiomasatkinson.com\/sanfernando\/cursos-intensivos-de-verano-b1-b2\/#breadcrumb\"},\"inLanguage\":\"es\",\"potentialAction\":[{\"@type\":\"ReadAction\",\"target\":[\"https:\/\/www.idiomasatkinson.com\/sanfernando\/cursos-intensivos-de-verano-b1-b2\/\"]}]},{\"@type\":\"BreadcrumbList\",\"@id\":\"https:\/\/www.idiomasatkinson.com\/sanfernando\/cursos-intensivos-de-verano-b1-b2\/#breadcrumb\",\"itemListElement\":[{\"@type\":\"ListItem\",\"position\":1,\"name\":\"Portada\",\"item\":\"https:\/\/www.idiomasatkinson.com\/sanfernando\/\"},{\"@type\":\"ListItem\",\"position\":2,\"name\":\"Cursos intensivos de verano B1\/B2\"}]},{\"@type\":\"WebSite\",\"@id\":\"https:\/\/www.idiomasatkinson.com\/sanfernando\/#website\",\"url\":\"https:\/\/www.idiomasatkinson.com\/sanfernando\/\",\"name\":\"Academia John Atkinson\",\"description\":\"Academia de idiomas en San Fernando\",\"potentialAction\":[{\"@type\":\"SearchAction\",\"target\":{\"@type\":\"EntryPoint\",\"urlTemplate\":\"https:\/\/www.idiomasatkinson.com\/sanfernando\/?s={search_term_string}\"},\"query-input\":\"required name=search_term_string\"}],\"inLanguage\":\"es\"},{\"@type\":\"Person\",\"@id\":\"https:\/\/www.idiomasatkinson.com\/sanfernando\/#\/schema\/person\/efb495fb2b52b11245c4c01226d61532\",\"name\":\"centralatkinson\",\"image\":{\"@type\":\"ImageObject\",\"inLanguage\":\"es\",\"@id\":\"https:\/\/www.idiomasatkinson.com\/sanfernando\/#\/schema\/person\/image\/\",\"url\":\"https:\/\/secure.gravatar.com\/avatar\/8c7455a83901d7d0c29972498294a964?s=96&d=mm&r=g\",\"contentUrl\":\"https:\/\/secure.gravatar.com\/avatar\/8c7455a83901d7d0c29972498294a964?s=96&d=mm&r=g\",\"caption\":\"centralatkinson\"},\"url\":\"https:\/\/www.idiomasatkinson.com\/sanfernando\/author\/centralatkinson\/\"}]}<\/script>\n<!-- \/ Yoast SEO plugin. -->","yoast_head_json":{"title":"Cursos intensivos de verano B1\/B2 - Academia John Atkinson","robots":{"index":"index","follow":"follow","max-snippet":"max-snippet:-1","max-image-preview":"max-image-preview:large","max-video-preview":"max-video-preview:-1"},"canonical":"https:\/\/www.idiomasatkinson.com\/sanfernando\/cursos-intensivos-de-verano-b1-b2\/","og_locale":"es_ES","og_type":"article","og_title":"Cursos intensivos de verano B1\/B2 - Academia John Atkinson","og_description":"Regresan los cl\u00e1sicos cursos intensivos de verano 51 horas de B1 y B2 del 3 al 26 de julio, en horario de ma\u00f1ana, con la posibilidad de presentarte al examen de Cambridge el d\u00eda 27. \u00a1PLAZAS LIMITADAS! \u00a1AP\u00daNTATE YA!","og_url":"https:\/\/www.idiomasatkinson.com\/sanfernando\/cursos-intensivos-de-verano-b1-b2\/","og_site_name":"Academia John Atkinson","article_published_time":"2024-05-16T23:23:22+00:00","article_modified_time":"2024-05-16T23:23:23+00:00","og_image":[{"url":"https:\/\/static.xx.fbcdn.net\/images\/emoji.php\/v9\/tee\/2\/16\/2600.png"}],"author":"centralatkinson","twitter_card":"summary_large_image","twitter_misc":{"Escrito por":"centralatkinson","Tiempo de lectura":"1 minuto"},"schema":{"@context":"https:\/\/schema.org","@graph":[{"@type":"WebPage","@id":"https:\/\/www.idiomasatkinson.com\/sanfernando\/cursos-intensivos-de-verano-b1-b2\/","url":"https:\/\/www.idiomasatkinson.com\/sanfernando\/cursos-intensivos-de-verano-b1-b2\/","name":"Cursos intensivos de verano B1\/B2 - Academia John Atkinson","isPartOf":{"@id":"https:\/\/www.idiomasatkinson.com\/sanfernando\/#website"},"datePublished":"2024-05-16T23:23:22+00:00","dateModified":"2024-05-16T23:23:23+00:00","author":{"@id":"https:\/\/www.idiomasatkinson.com\/sanfernando\/#\/schema\/person\/efb495fb2b52b11245c4c01226d61532"},"breadcrumb":{"@id":"https:\/\/www.idiomasatkinson.com\/sanfernando\/cursos-intensivos-de-verano-b1-b2\/#breadcrumb"},"inLanguage":"es","potentialAction":[{"@type":"ReadAction","target":["https:\/\/www.idiomasatkinson.com\/sanfernando\/cursos-intensivos-de-verano-b1-b2\/"]}]},{"@type":"BreadcrumbList","@id":"https:\/\/www.idiomasatkinson.com\/sanfernando\/cursos-intensivos-de-verano-b1-b2\/#breadcrumb","itemListElement":[{"@type":"ListItem","position":1,"name":"Portada","item":"https:\/\/www.idiomasatkinson.com\/sanfernando\/"},{"@type":"ListItem","position":2,"name":"Cursos intensivos de verano B1\/B2"}]},{"@type":"WebSite","@id":"https:\/\/www.idiomasatkinson.com\/sanfernando\/#website","url":"https:\/\/www.idiomasatkinson.com\/sanfernando\/","name":"Academia John Atkinson","description":"Academia de idiomas en San Fernando","potentialAction":[{"@type":"SearchAction","target":{"@type":"EntryPoint","urlTemplate":"https:\/\/www.idiomasatkinson.com\/sanfernando\/?s={search_term_string}"},"query-input":"required name=search_term_string"}],"inLanguage":"es"},{"@type":"Person","@id":"https:\/\/www.idiomasatkinson.com\/sanfernando\/#\/schema\/person\/efb495fb2b52b11245c4c01226d61532","name":"centralatkinson","image":{"@type":"ImageObject","inLanguage":"es","@id":"https:\/\/www.idiomasatkinson.com\/sanfernando\/#\/schema\/person\/image\/","url":"https:\/\/secure.gravatar.com\/avatar\/8c7455a83901d7d0c29972498294a964?s=96&d=mm&r=g","contentUrl":"https:\/\/secure.gravatar.com\/avatar\/8c7455a83901d7d0c29972498294a964?s=96&d=mm&r=g","caption":"centralatkinson"},"url":"https:\/\/www.idiomasatkinson.com\/sanfernando\/author\/centralatkinson\/"}]}},"_links":{"self":[{"href":"https:\/\/www.idiomasatkinson.com\/sanfernando\/wp-json\/wp\/v2\/posts\/932"}],"collection":[{"href":"https:\/\/www.idiomasatkinson.com\/sanfernando\/wp-json\/wp\/v2\/posts"}],"about":[{"href":"https:\/\/www.idiomasatkinson.com\/sanfernando\/wp-json\/wp\/v2\/types\/post"}],"author":[{"embeddable":true,"href":"https:\/\/www.idiomasatkinson.com\/sanfernando\/wp-json\/wp\/v2\/users\/5"}],"replies":[{"embeddable":true,"href":"https:\/\/www.idiomasatkinson.com\/sanfernando\/wp-json\/wp\/v2\/comments?post=932"}],"version-history":[{"count":2,"href":"https:\/\/www.idiomasatkinson.com\/sanfernando\/wp-json\/wp\/v2\/posts\/932\/revisions"}],"predecessor-version":[{"id":935,"href":"https:\/\/www.idiomasatkinson.com\/sanfernando\/wp-json\/wp\/v2\/posts\/932\/revisions\/935"}],"wp:attachment":[{"href":"https:\/\/www.idiomasatkinson.com\/sanfernando\/wp-json\/wp\/v2\/media?parent=932"}],"wp:term":[{"taxonomy":"category","embeddable":true,"href":"https:\/\/www.idiomasatkinson.com\/sanfernando\/wp-json\/wp\/v2\/categories?post=932"},{"taxonomy":"post_tag","embeddable":true,"href":"https:\/\/www.idiomasatkinson.com\/sanfernando\/wp-json\/wp\/v2\/tags?post=932"}],"curies":[{"name":"wp","href":"https:\/\/api.w.org\/{rel}","templated":true}]}}